{"id":11893,"date":"2024-10-17T12:06:12","date_gmt":"2024-10-17T12:06:12","guid":{"rendered":"https:\/\/navision-beratung.de\/?p=8384"},"modified":"2024-10-17T12:06:12","modified_gmt":"2024-10-17T12:06:12","slug":"weiteres-preismodell-des-edoc-module","status":"publish","type":"post","link":"https:\/\/navision-beratung.de\/da\/weiteres-preismodell-des-edoc-module\/","title":{"rendered":"eDoc App - Udvidet prismodel"},"content":{"rendered":"<figure class=\"wp-block-image size-full\"><img alt=\"\" decoding=\"async\" src=\"https:\/\/navision-beratung.de\/wp-content\/uploads\/2024\/06\/eDocModule_02.png\" class=\"wp-image-8041\"\/><\/figure>\n\n\n\n<h2 class=\"wp-block-heading\">Start inden 31. december 2024, og spar p\u00e5 den faste kortl\u00e6gningspris!<\/h2>\n\n\n\n<p>Bestil eDoc App (Local) indtil 31. december 2024, og f\u00e5 gl\u00e6de af intital kortl\u00e6gning. Kontakt os venligst for yderligere information.<br><strong>Det er vigtigt:<\/strong> Levering af kortl\u00e6gning er allerede inkluderet i EU-pakkerne.<\/p>\n\n\n\n<h2 class=\"wp-block-heading\">Prismodel for eDoc-appen<\/h2>\n\n\n\n<p>For at im\u00f8dekomme virksomhedernes individuelle behov er vi glade for at kunne pr\u00e6sentere en vigtig tilf\u00f8jelse til prismodellen for vores eDoc-app.<\/p>\n\n\n\n<p>eDoc-appen er en tilf\u00f8jelse til Microsoft Dynamics 365 Business Central, som g\u00f8r det muligt at sende og modtage e-fakturaer. F\u00f8lgende lande og formater underst\u00f8ttes i \u00f8jeblikket:<\/p>\n\n\n\n<ul class=\"wp-block-list\">\n<li><strong>Tyskland <\/strong>(ZUGFeRD og XRechnung)<\/li>\n\n\n\n<li><strong>\u00d8strig <\/strong>(ebInterface)<\/li>\n\n\n\n<li><strong>Italien <\/strong>(FatturaPA)<\/li>\n\n\n\n<li><strong>Polen <\/strong>(KSeF)<\/li>\n\n\n\n<li><strong>Frankrig <\/strong>(Factur-X)<\/li>\n<\/ul>\n\n\n\n<p><em>En udvidelse af lande og formater er allerede under planl\u00e6gning.<\/em><\/p>\n\n\n\n<p>Som en del af \u00e6ndringen af prismodellen er eDoc-modulet nu opdelt i to grundl\u00e6ggende versioner: <br><strong>Lokale moduler <\/strong>og <strong>EU-moduler<\/strong><\/p>\n\n\n\n<div style=\"height:63px\" aria-hidden=\"true\" class=\"wp-block-spacer\"><\/div>\n\n\n\n<h3 class=\"wp-block-heading\">Lokale moduler:<\/h3>\n\n\n\n<p>I denne version underst\u00f8tter vores eDoc-app kun de nationale formater <strong>en <\/strong>land efter eget valg. Du kan v\u00e6lge mellem de lande, der er n\u00e6vnt ovenfor. Den lokale version f\u00e5s i tre forskellige niveauer, afh\u00e6ngigt af din virksomheds behov:<\/p>\n\n\n\n<p><strong>Indtil 31. december 2024 tilbyder vi den faste kortl\u00e6gningssats til en engangspris p\u00e5 500 euro.<\/strong><\/p>\n\n\n<p>[supsystic-pris-tabel id=99]<\/p>\n\n\n\n<p><sub>*Priser i \u20ac, plus moms. <br>** M\u00e5nedligt abonnement, opsigelsesperioden er 4 uger til udgangen af m\u00e5neden<\/sub><br><sub>*** Hele Tyskland (ZUGFeRD og XRechnung), \u00d8strig (ebInterface), Italien (FatturaPA), Polen (KSeF), Frankrig (Factur-X).<\/sub><\/p>\n\n\n\n<div style=\"height:63px\" aria-hidden=\"true\" class=\"wp-block-spacer\"><\/div>\n\n\n\n<h3 class=\"wp-block-heading\">EU-moduler:<\/h3>\n\n\n\n<p>EU-moduler:<\/p>\n\n\n\n<p>I EU-versionen underst\u00f8tter eDoc alle de lande og formater, vi tilbyder i \u00f8jeblikket. Denne version er ogs\u00e5 tilg\u00e6ngelig i tre niveauer:<\/p>\n\n\n<p>[supsystic-pris-tabel id=95]<\/p>\n\n\n\n<p><sub>*Priser i \u20ac, plus moms. <br>** M\u00e5nedligt abonnement, opsigelsesperioden er 4 uger til udgangen af m\u00e5neden<\/sub><br><sub>*** EU-modulerne omfatter alle formater af eDoc-modulet. Se tabellen ovenfor<\/sub><\/p>\n\n\n\n<div style=\"height:63px\" aria-hidden=\"true\" class=\"wp-block-spacer\"><\/div>\n\n\n\n<p>Detaljerede oplysninger om, hvordan eDoc-appen fungerer, og hvilke formater der underst\u00f8ttes, kan findes p\u00e5 vores <a href=\"https:\/\/navision-beratung.de\/da\/add-ons\/edoc-module-erstellen-sie-ihre-e-rechnung-einfach-schnell-rechtskonform\/\">Hjemmeside<\/a>.<\/p>\n\n\n\n<h2 class=\"wp-block-heading\">Har du sp\u00f8rgsm\u00e5l til eDoc App-tilf\u00f8jelsen?<\/h2>\n\n\n\n<p>Vi vil med gl\u00e6de hj\u00e6lpe dig personligt og r\u00e5dgive dig i detaljer:<\/p>\n\n\n\n<p><strong>Telefon: +49 (89) 21 111 848<\/strong><br><strong>E-mail: <\/strong><a href=\"mailto:vertrieb@br-ag.com\">vertrieb@br-ag.com<\/a><\/p>","protected":false},"excerpt":{"rendered":"<p>Start inden 31.12.2024, og spar p\u00e5 den faste kortl\u00e6gningspris! Bestil eDoc App (Local) inden den 31. december 2024, og f\u00e5 fordel af den indledende kortl\u00e6gning. Kontakt os for at f\u00e5 flere oplysninger. vigtigt: Levering af kortl\u00e6gning er allerede inkluderet i EU-pakkerne. Prismodel for eDoc-appen For at im\u00f8dekomme de individuelle krav fra [...]<\/p>","protected":false},"author":1,"featured_media":8432,"comment_status":"closed","ping_status":"open","sticky":false,"template":"","format":"standard","meta":{"_seopress_robots_primary_cat":"","_seopress_titles_title":"Spare mit der eDoc App Mapping-Pauschale bis 31.12.2024","_seopress_titles_desc":"Bestellen Sie die eDoc App bis 31.12.2024 und sparen Sie bei der Bereitstellung des initialen Mappings. Profitieren Sie von niedrigen Preisen!","_seopress_robots_index":"","footnotes":""},"categories":[2],"tags":[],"class_list":["post-11893","post","type-post","status-publish","format-standard","has-post-thumbnail","hentry","category-business-central"],"_links":{"self":[{"href":"https:\/\/navision-beratung.de\/da\/wp-json\/wp\/v2\/posts\/11893","targetHints":{"allow":["GET"]}}],"collection":[{"href":"https:\/\/navision-beratung.de\/da\/wp-json\/wp\/v2\/posts"}],"about":[{"href":"https:\/\/navision-beratung.de\/da\/wp-json\/wp\/v2\/types\/post"}],"author":[{"embeddable":true,"href":"https:\/\/navision-beratung.de\/da\/wp-json\/wp\/v2\/users\/1"}],"replies":[{"embeddable":true,"href":"https:\/\/navision-beratung.de\/da\/wp-json\/wp\/v2\/comments?post=11893"}],"version-history":[{"count":0,"href":"https:\/\/navision-beratung.de\/da\/wp-json\/wp\/v2\/posts\/11893\/revisions"}],"wp:featuredmedia":[{"embeddable":true,"href":"https:\/\/navision-beratung.de\/da\/wp-json\/wp\/v2\/media\/8432"}],"wp:attachment":[{"href":"https:\/\/navision-beratung.de\/da\/wp-json\/wp\/v2\/media?parent=11893"}],"wp:term":[{"taxonomy":"category","embeddable":true,"href":"https:\/\/navision-beratung.de\/da\/wp-json\/wp\/v2\/categories?post=11893"},{"taxonomy":"post_tag","embeddable":true,"href":"https:\/\/navision-beratung.de\/da\/wp-json\/wp\/v2\/tags?post=11893"}],"curies":[{"name":"wp","href":"https:\/\/api.w.org\/{rel}","templated":true}]}}